{"id":71451,"date":"2018-05-29T10:08:01","date_gmt":"2018-05-29T07:08:01","guid":{"rendered":"http:\/\/www.ifaturkey.org.tr\/?p=71451"},"modified":"2024-02-20T23:22:42","modified_gmt":"2024-02-20T20:22:42","slug":"women-in-tax-initiative","status":"publish","type":"post","link":"http:\/\/www.ifaturkey.org.tr\/en\/women-in-tax-initiative\/","title":{"rendered":"Women In Tax Initiative"},"content":{"rendered":"\n<div  class='av-hotspot-image-container av-13uh6wr-112ce69b563eaf9646961b7b616f2e94  avia-builder-el-1  el_after_av_codeblock  el_before_av_textblock  cizgi av-hotspot-blank av-mobile-fallback-active  av-non-fullwidth-hotspot-image'  itemprop=\"image\" itemscope=\"itemscope\" itemtype=\"https:\/\/schema.org\/ImageObject\" ><div class='av-hotspot-container'><div class='av-hotspot-container-inner-cell'><div class='av-hotspot-container-inner-wrap'><img decoding=\"async\" class='wp-image-71913 avia-img-lazy-loading-not-71913 avia_image' src=\"http:\/\/www.ifaturkey.org.tr\/en\/wp-content\/uploads\/2023\/11\/line-3.png\" alt='' title='line'  height=\"1\" width=\"2188\"  itemprop=\"thumbnailUrl\" srcset=\"http:\/\/www.ifaturkey.org.tr\/en\/wp-content\/uploads\/2023\/11\/line-3.png 2188w, http:\/\/www.ifaturkey.org.tr\/en\/wp-content\/uploads\/2023\/11\/line-3-300x1.png 300w, http:\/\/www.ifaturkey.org.tr\/en\/wp-content\/uploads\/2023\/11\/line-3-1030x1.png 1030w, http:\/\/www.ifaturkey.org.tr\/en\/wp-content\/uploads\/2023\/11\/line-3-80x1.png 80w, http:\/\/www.ifaturkey.org.tr\/en\/wp-content\/uploads\/2023\/11\/line-3-768x1.png 768w, http:\/\/www.ifaturkey.org.tr\/en\/wp-content\/uploads\/2023\/11\/line-3-1536x1.png 1536w, http:\/\/www.ifaturkey.org.tr\/en\/wp-content\/uploads\/2023\/11\/line-3-2048x1.png 2048w, http:\/\/www.ifaturkey.org.tr\/en\/wp-content\/uploads\/2023\/11\/line-3-36x1.png 36w, http:\/\/www.ifaturkey.org.tr\/en\/wp-content\/uploads\/2023\/11\/line-3-180x1.png 180w, http:\/\/www.ifaturkey.org.tr\/en\/wp-content\/uploads\/2023\/11\/line-3-1500x1.png 1500w, http:\/\/www.ifaturkey.org.tr\/en\/wp-content\/uploads\/2023\/11\/line-3-495x1.png 495w, http:\/\/www.ifaturkey.org.tr\/en\/wp-content\/uploads\/2023\/11\/line-3-260x1.png 260w, http:\/\/www.ifaturkey.org.tr\/en\/wp-content\/uploads\/2023\/11\/line-3-845x1.png 845w, http:\/\/www.ifaturkey.org.tr\/en\/wp-content\/uploads\/2023\/11\/line-3-710x1.png 710w, http:\/\/www.ifaturkey.org.tr\/en\/wp-content\/uploads\/2023\/11\/line-3-705x1.png 705w, http:\/\/www.ifaturkey.org.tr\/en\/wp-content\/uploads\/2023\/11\/line-3-1210x1.png 1210w\" sizes=\"(max-width: 2188px) 100vw, 2188px\" \/><\/div><\/div><\/div><\/div>\n<section  class='av_textblock_section av-mffgl7-c6ad74770107ad047d6ffb8be3224d0f '   itemscope=\"itemscope\" itemtype=\"https:\/\/schema.org\/BlogPosting\" itemprop=\"blogPost\" ><div class='avia_textblock'  itemprop=\"text\" ><p>[vc_row type=&#8221;container&#8221; padding_top=&#8221;&#8221; padding_bottom=&#8221;&#8221;][vc_column][vc_single_image image=&#8221;71452&#8243; img_size=&#8221;full&#8221; style=&#8221;vc_box_border&#8221; onclick=&#8221;img_link_large&#8221; img_link_target=&#8221;_blank&#8221;][vc_single_image image=&#8221;71453&#8243; img_size=&#8221;full&#8221; style=&#8221;vc_box_border&#8221; onclick=&#8221;img_link_large&#8221; img_link_target=&#8221;_blank&#8221;][\/vc_column][\/vc_row][vc_row type=&#8221;container&#8221; padding_top=&#8221;&#8221; padding_bottom=&#8221;&#8221;][vc_column][vc_separator color=&#8221;&#8221; type=&#8221;normal&#8221; thickness=&#8221;&#8221; up=&#8221;&#8221; down=&#8221;&#8221;][vc_text_separator title=&#8221;Photo Gallery&#8221; title_align=&#8221;separator_align_left&#8221;][vc_media_grid element_width=&#8221;2&#8243; item=&#8221;mediaGrid_FadeInWithIcon&#8221; grid_id=&#8221;vc_gid:1536837108087-31d3f51e-8fa1-4&#8243; include=&#8221;71463,71464,71465,71466,71467,71468,71469,71470,71471,71472,71473,71474,71475,71476,71477,71478,71479,71480,71481,71482,71483,71484,71485,71486,71487,71488,71489,71490,71491,71492,71493,71494,71495,71496,71497,71498,71499,71500,71501,71502,71503,71504,71505,71506,71507,71508,71509,71510,71511,71512,71513,71514,71515,71516,71517,71518,71519,71520,71521,71522,71523,71524,71525,71526,71527,71528&#8243;][vc_text_separator title=&#8221;Panel Videosu&#8221; title_align=&#8221;separator_align_left&#8221;][vc_video link=&#8221;https:\/\/www.youtube.com\/watch?v=dKiOtSVjj-8&amp;feature=youtu.be&#8221;][vc_separator color=&#8221;#777777&#8243; border_width=&#8221;2&#8243; type=&#8221;normal&#8221; thickness=&#8221;&#8221; up=&#8221;&#8221; down=&#8221;&#8221;][vc_text_separator title=&#8221;Stajyer \u0130lan\u0131&#8221; title_align=&#8221;separator_align_left&#8221;][vc_column_text]De\u011ferli IFA T\u00fcrkiye Stajyer Adaylar\u0131,<\/p>\n<p>IFA T\u00fcrkiye olarak, s\u00fcrd\u00fcr\u00fclebilir bir kalk\u0131nma ve ak\u0131lc\u0131 bir ilerleme i\u00e7in toplumsal cinsiyet e\u015fitli\u011finin anahtar g\u00f6revi ta\u015f\u0131d\u0131\u011f\u0131na inan\u0131yoruz. Bu nedenle, IFA T\u00fcrkiye, UN Women (Heforshe) ve KOC-KAM i\u015fbirli\u011fi ile ba\u015flatt\u0131\u011f\u0131m\u0131z Vergide Kad\u0131n Giri\u015fimi \u00e7er\u00e7evesinde \u00e7ok de\u011ferli payda\u015flar\u0131m\u0131z, kendi \u00f6ncelikleri ve kurum politikalar\u0131 do\u011frultusunda gen\u00e7 kad\u0131n \u00f6\u011frenciler i\u00e7in stajyer kotas\u0131 a\u00e7m\u0131\u015flard\u0131r.<br \/>\nStaj ba\u015fvurular\u0131 do\u011frudan payda\u015f kurumlara yap\u0131lacakt\u0131r. De\u011ferlendirme kriterleri (yabanc\u0131 dil seviyesi, mezun olunan \u00fcniversite vb.) ve se\u00e7im s\u00fcre\u00e7leri her kurum \u00f6zelinde farkl\u0131la\u015fmaktad\u0131r.<br \/>\nPayda\u015f kurumlara a\u015fa\u011f\u0131da belirtilen \u015fekilde ba\u015fvuru yap\u0131lmas\u0131 gerekmektedir.<br \/>\nBu vesile ile\u00a0 gelece\u011fin kad\u0131n vergicilerine ba\u015far\u0131l\u0131 bir kariyer yolculu\u011fu ve ayd\u0131nl\u0131k bir gelecek diliyoruz.<\/p>\n<p>IFA T\u00fcrkiye Y\u00f6netim Kurulu<\/p>\n<p>1- PwC T\u00fcrkiye<\/p>\n<p>Stajyer ba\u015fvurular\u0131, \u00a0PwC \u00a0T\u00fcrkiye internet sayfas\u0131ndan online kabul edilmektedir. A\u015fa\u011f\u0131daki linkten, 3-4. S\u0131n\u0131f \u00f6\u011frencilerine y\u00f6nelik staj ba\u015fvuru s\u00fcreci tamamlanabilir. Ba\u015fvuru formunu doldururken \u00f6zel notlar k\u0131sm\u0131na &#8221; IFA T\u00fcrkiye Stajyer Aday\u0131&#8221; yaz\u0131lmas\u0131 gerekmektedir.<\/p>\n<p><a href=\"https:\/\/www.pwc.com.tr\/tr\/kariyer-sayfalari\/ogrenci-gelisim-programi\/diamond-circle.html\">https:\/\/www.pwc.com.tr\/tr\/kariyer-sayfalari\/ogrenci-gelisim-programi\/diamond-circle.html<\/a><\/p>\n<p>2-\u00a0 Ernst&amp;Young T\u00fcrkiye<\/p>\n<p>IFA T\u00fcrkiye Giri\u015fimi kapsam\u0131nda misafir g\u00f6zlemci \u00f6\u011frenci staj program\u0131 i\u00e7in aran\u0131lan temel kriterler \u015f\u00f6yledir;<\/p>\n<ul>\n<li>\u00dcniversitelerin, \u0130ktisadi ve \u0130dari Bilimler Fak\u00fcltesi ya da Hukuk Fak\u00fcltesi\u2019nde \u00f6\u011frenim g\u00f6rmek<\/li>\n<li>s\u0131n\u0131f derslerini tamamlam\u0131\u015f ya da 3.s\u0131n\u0131f derslerini tamamlam\u0131\u015f 4. S\u0131n\u0131fa ge\u00e7mi\u015f olmak<\/li>\n<li>Stajyer projesi kapsam\u0131nda 2018 y\u0131l\u0131 i\u00e7in \u00f6\u011frencilere 2 Temmuz 2018 ya da 23 Temmuz 2018 ba\u015flang\u0131\u00e7 tarihli \u00a02 se\u00e7enek sunulacakt\u0131r.<\/li>\n<\/ul>\n<p>Programa kat\u0131lacak \u00f6\u011frenciler\u00a0\u00a0<a href=\"mailto:kariyer@tr.ey.com\">kariyer@tr.ey.com<\/a>\u00a0adresine \u2018\u2019IFA T\u00fcrkiye Stajyer Ba\u015fvurular\u0131 Hk \/\/ EY\u2019\u2019 konu ba\u015fl\u0131\u011f\u0131 alt\u0131nda \u00f6zge\u00e7mi\u015flerini iletebilirler.<\/p>\n<p>3- K\u0131l\u0131\u00e7 Hukuk B\u00fcrosu<\/p>\n<p>IFA T\u00fcrkiye Giri\u015fimi kapsam\u0131nda k\u0131sa staj program\u0131 i\u00e7in ba\u015fvurular \u2019IFA T\u00fcrkiye Stajyer Ba\u015fvurusu\u201d yan ba\u015fl\u0131\u011f\u0131yla <a href=\"mailto:yonetim.asis@kilichukuk.com\">yonetim.asis@kilichukuk.com<\/a> adresine\u00a0 ve Berfu Dilmen dikkatine y\u00f6nlendirilecektir.<\/p>\n<p>4- BDO Denet<\/p>\n<p>Adaylar, g\u00fcncel \u00f6zge\u00e7mi\u015flerini i\u00e7eren\u00a0 ba\u015fvurular\u0131n\u0131\u00a0 \u201cIFA T\u00fcrkiye Stajyerli\u011fi\u201d konu ba\u015fl\u0131\u011f\u0131yla\u00a0 \u00a0\u201c<a href=\"mailto:ik@bdo.com.tr\">ik@bdo.com.tr<\/a>\u201d adresine\u00a0 y\u00f6nlendirebilirler.<\/p>\n<p>5- Nazal\u0131 Hukuk B\u00fcrosu<\/p>\n<p>Ba\u015fvurular, \u201cIFA T\u00fcrkiye Stajyerli\u011fi\u201d konu ba\u015fl\u0131\u011f\u0131yla \u00a0internet sitesi ( www.nazali.av.tr ) \u00a0\u201cKariyer\u201d b\u00f6l\u00fcm\u00fcnden yap\u0131labilece\u011fi gibi; adaylar \u201cinfo@nazali.av.tr\u201d adresine \u00a0g\u00fcncel \u00f6zge\u00e7mi\u015flerini eklemek suretiyle de ba\u015fvurular\u0131n\u0131 yapabilirler.<\/p>\n<p>6- Erdikler YMM A.\u015e\/ TaxAnd<\/p>\n<p>Adaylar, g\u00fcncel \u00f6zge\u00e7mi\u015flerini i\u00e7eren\u00a0 ba\u015fvurular\u0131n\u0131\u00a0 \u201cIFA T\u00fcrkiye Stajyerli\u011fi\u201d konu ba\u015fl\u0131\u011f\u0131yla\u00a0 \u201c<a href=\"mailto:info@erdikler.com\">info@erdikler.com<\/a>\u201d adresine y\u00f6nlendirebilirler.<\/p>\n<p>7- Esin Avukat Ortakl\u0131\u011f\u0131\/ Baker Mckenzie Attorney at Law<\/p>\n<p>Bu seneki yaz staj\u0131 de\u011ferlendirme s\u00fcreci tamamlanm\u0131\u015f bulunmaktad\u0131r. \u00d6n\u00fcm\u00fczdeki y\u0131l ba\u015fvurular\u0131 ile ilgili olarak; bu proje kapsam\u0131nda ba\u015fvuru yapacak \u00f6\u011frencilerin g\u00fcncel \u00f6zge\u00e7mi\u015flerini \u201cIFA T\u00fcrkiye Stajyerli\u011fi\u201d konu ba\u015fl\u0131\u011f\u0131yla do\u011frudan\u00a0 i\u015fe al\u0131m ekibinden Ecem Topkara\u2019ya y\u00f6nlendirmeleri gerekmektedir (<a href=\"mailto:ecem.topkara@esin.av.tr\">ecem.topkara@esin.av.tr<\/a>\u00a0). Yaz staj\u0131 i\u00e7in 3.s\u0131n\u0131f \u00f6\u011frencileri \u00f6ncelikli olarak de\u011ferlendirilecektir.<\/p>\n<p>*** KPMG T\u00fcrkiye ve Deloitte T\u00fcrkiye taraf\u0131ndan tan\u0131nan stajyer kotas\u0131 hali haz\u0131rda yap\u0131lm\u0131\u015f olan ba\u015far\u0131l\u0131 gen\u00e7 kad\u0131n aday ba\u015fvurular\u0131 aras\u0131ndan tamamlanm\u0131\u015f bulunmaktad\u0131r.[\/vc_column_text][\/vc_column][\/vc_row]<\/p>\n<\/div><\/section>\n","protected":false},"excerpt":{"rendered":"[vc_row type=\"container\" padding_top=\"\" padding_bottom=\"\"][vc_column][vc_single_image image=\"71452\" img_size=\"full\" style=\"vc_box_border\" onclick=\"img_link_large\" img_link_target=\"_blank\"][vc_single_image image=\"71453\" img_size=\"full\" style=\"vc_box_border\" onclick=\"img_link_large\" img_link_target=\"_blank\"][\/vc_column][\/vc_row][vc_row type=\"container\" padding_top=\"\" padding_bottom=\"\"][vc_column][vc_separator color=\"\" type=\"normal\" thickness=\"\" up=\"\" down=\"\"][vc_text_separator title=\"Photo Gallery\" title_align=\"separator_align_left\"][vc_media_grid element_width=\"2\" item=\"mediaGrid_FadeInWithIcon\" grid_id=\"vc_gid:1536837108087-31d3f51e-8fa1-4\" include=\"71463,71464,71465,71466,71467,71468,71469,71470,71471,71472,71473,71474,71475,71476,71477,71478,71479,71480,71481,71482,71483,71484,71485,71486,71487,71488,71489,71490,71491,71492,71493,71494,71495,71496,71497,71498,71499,71500,71501,71502,71503,71504,71505,71506,71507,71508,71509,71510,71511,71512,71513,71514,71515,71516,71517,71518,71519,71520,71521,71522,71523,71524,71525,71526,71527,71528\"][vc_text_separator title=\"Panel Videosu\" title_align=\"separator_align_left\"][vc_video link=\"https:\/\/www.youtube.com\/watch?v=dKiOtSVjj-8&amp;feature=youtu.be\"][vc_separator color=\"#777777\" border_width=\"2\" type=\"normal\" thickness=\"\" up=\"\" down=\"\"][vc_text_separator title=\"Stajyer \u0130lan\u0131\" title_align=\"separator_align_left\"][vc_column_text]De\u011ferli IFA T\u00fcrkiye Stajyer Adaylar\u0131, IFA T\u00fcrkiye olarak, s\u00fcrd\u00fcr\u00fclebilir bir kalk\u0131nma ve ak\u0131lc\u0131 bir [...]","protected":false},"author":1,"featured_media":0,"comment_status":"closed","ping_status":"closed","sticky":false,"template":"","format":"standard","meta":{"_acf_changed":false,"footnotes":""},"categories":[1],"tags":[],"acf":[],"_links":{"self":[{"href":"http:\/\/www.ifaturkey.org.tr\/en\/wp-json\/wp\/v2\/posts\/71451"}],"collection":[{"href":"http:\/\/www.ifaturkey.org.tr\/en\/wp-json\/wp\/v2\/posts"}],"about":[{"href":"http:\/\/www.ifaturkey.org.tr\/en\/wp-json\/wp\/v2\/types\/post"}],"author":[{"embeddable":true,"href":"http:\/\/www.ifaturkey.org.tr\/en\/wp-json\/wp\/v2\/users\/1"}],"replies":[{"embeddable":true,"href":"http:\/\/www.ifaturkey.org.tr\/en\/wp-json\/wp\/v2\/comments?post=71451"}],"version-history":[{"count":12,"href":"http:\/\/www.ifaturkey.org.tr\/en\/wp-json\/wp\/v2\/posts\/71451\/revisions"}],"predecessor-version":[{"id":72150,"href":"http:\/\/www.ifaturkey.org.tr\/en\/wp-json\/wp\/v2\/posts\/71451\/revisions\/72150"}],"wp:attachment":[{"href":"http:\/\/www.ifaturkey.org.tr\/en\/wp-json\/wp\/v2\/media?parent=71451"}],"wp:term":[{"taxonomy":"category","embeddable":true,"href":"http:\/\/www.ifaturkey.org.tr\/en\/wp-json\/wp\/v2\/categories?post=71451"},{"taxonomy":"post_tag","embeddable":true,"href":"http:\/\/www.ifaturkey.org.tr\/en\/wp-json\/wp\/v2\/tags?post=71451"}],"curies":[{"name":"wp","href":"https:\/\/api.w.org\/{rel}","templated":true}]}}